{"id":1525,"date":"2023-03-07T12:29:34","date_gmt":"2023-03-07T12:29:34","guid":{"rendered":"https:\/\/eanaro.green\/?p=1525"},"modified":"2023-07-05T07:10:50","modified_gmt":"2023-07-05T07:10:50","slug":"internationaler-tag-der-muelltrennung","status":"publish","type":"post","link":"https:\/\/eanaro.green\/index.php\/internationaler-tag-der-muelltrennung\/","title":{"rendered":"Internationaler Tag der M\u00fclltrennung"},"content":{"rendered":"\t\t<div data-elementor-type=\"wp-post\" data-elementor-id=\"1525\" class=\"elementor elementor-1525\" data-elementor-post-type=\"post\">\n\t\t\t\t\t\t<section class=\"elementor-section elementor-top-section elementor-element elementor-element-685958f elementor-section-full_width elementor-section-height-default elementor-section-height-default\" data-id=\"685958f\" data-element_type=\"section\" data-e-type=\"section\" data-settings=\"{&quot;background_background&quot;:&quot;classic&quot;}\">\n\t\t\t\t\t\t<div class=\"elementor-container elementor-column-gap-no\">\n\t\t\t\t\t<div class=\"elementor-column elementor-col-100 elementor-top-column elementor-element elementor-element-e88ea26\" data-id=\"e88ea26\" data-element_type=\"column\" data-e-type=\"column\">\n\t\t\t<div class=\"elementor-widget-wrap elementor-element-populated\">\n\t\t\t\t\t\t<div class=\"elementor-element elementor-element-ab7a225 elementor-widget elementor-widget-image\" data-id=\"ab7a225\" data-element_type=\"widget\" data-e-type=\"widget\" data-widget_type=\"image.default\">\n\t\t\t\t<div class=\"elementor-widget-container\">\n\t\t\t\t\t\t\t\t\t\t\t\t\t\t\t<img fetchpriority=\"high\" decoding=\"async\" width=\"2048\" height=\"1365\" src=\"https:\/\/eanaro.green\/wp-content\/uploads\/2022\/08\/rahmen-aus-kunststoffabfallsammlung-auf-schwarzem-hintergrund-konzept-des-recyclings-von-kunststoff-und-oekologie-flache-lage-ansicht-von-oben-2048x1365.jpg\" class=\"attachment-2048x2048 size-2048x2048 wp-image-1529\" alt=\"\" srcset=\"https:\/\/eanaro.green\/wp-content\/uploads\/2022\/08\/rahmen-aus-kunststoffabfallsammlung-auf-schwarzem-hintergrund-konzept-des-recyclings-von-kunststoff-und-oekologie-flache-lage-ansicht-von-oben-2048x1365.jpg 2048w, https:\/\/eanaro.green\/wp-content\/uploads\/2022\/08\/rahmen-aus-kunststoffabfallsammlung-auf-schwarzem-hintergrund-konzept-des-recyclings-von-kunststoff-und-oekologie-flache-lage-ansicht-von-oben-300x200.jpg 300w, https:\/\/eanaro.green\/wp-content\/uploads\/2022\/08\/rahmen-aus-kunststoffabfallsammlung-auf-schwarzem-hintergrund-konzept-des-recyclings-von-kunststoff-und-oekologie-flache-lage-ansicht-von-oben-1024x683.jpg 1024w, https:\/\/eanaro.green\/wp-content\/uploads\/2022\/08\/rahmen-aus-kunststoffabfallsammlung-auf-schwarzem-hintergrund-konzept-des-recyclings-von-kunststoff-und-oekologie-flache-lage-ansicht-von-oben-768x512.jpg 768w, https:\/\/eanaro.green\/wp-content\/uploads\/2022\/08\/rahmen-aus-kunststoffabfallsammlung-auf-schwarzem-hintergrund-konzept-des-recyclings-von-kunststoff-und-oekologie-flache-lage-ansicht-von-oben-1536x1024.jpg 1536w\" sizes=\"(max-width: 2048px) 100vw, 2048px\" \/>\t\t\t\t\t\t\t\t\t\t\t\t\t\t\t<\/div>\n\t\t\t\t<\/div>\n\t\t\t\t\t<\/div>\n\t\t<\/div>\n\t\t\t\t\t<\/div>\n\t\t<\/section>\n\t\t\t\t<section class=\"elementor-section elementor-top-section elementor-element elementor-element-b8e7614 elementor-section-boxed elementor-section-height-default elementor-section-height-default\" data-id=\"b8e7614\" data-element_type=\"section\" data-e-type=\"section\" data-settings=\"{&quot;background_background&quot;:&quot;classic&quot;}\">\n\t\t\t\t\t\t<div class=\"elementor-container elementor-column-gap-default\">\n\t\t\t\t\t<div class=\"elementor-column elementor-col-100 elementor-top-column elementor-element elementor-element-d35395b\" data-id=\"d35395b\" data-element_type=\"column\" data-e-type=\"column\" data-settings=\"{&quot;background_background&quot;:&quot;classic&quot;}\">\n\t\t\t<div class=\"elementor-widget-wrap elementor-element-populated\">\n\t\t\t\t\t\t<div class=\"elementor-element elementor-element-765e8a3 elementor-widget elementor-widget-heading\" data-id=\"765e8a3\" data-element_type=\"widget\" data-e-type=\"widget\" data-widget_type=\"heading.default\">\n\t\t\t\t<div class=\"elementor-widget-container\">\n\t\t\t\t\t<h2 class=\"elementor-heading-title elementor-size-default\">Internationaler Tag der M\u00fclltrennung<\/h2>\t\t\t\t<\/div>\n\t\t\t\t<\/div>\n\t\t\t\t<div class=\"elementor-element elementor-element-5db33a5 elementor-widget elementor-widget-text-editor\" data-id=\"5db33a5\" data-element_type=\"widget\" data-e-type=\"widget\" data-widget_type=\"text-editor.default\">\n\t\t\t\t<div class=\"elementor-widget-container\">\n\t\t\t\t\t\t\t\t\t<p class=\"x_MsoNormal\">REMINDER: Heute am 07.03.2023 ist internationaler Tag der M\u00fclltrennung, ein h\u00e4ufig untersch\u00e4tztes Thema, sowohl in Privathaushalten als auch in Unternehmen. In der heutigen Zeit ist es wichtig, dass wir unseren Planeten Erde sch\u00fctzen. M\u00fclltrennung ist eine wirkungsvolle Methode, um Umweltschutzma\u00dfnahmen umzusetzen.<\/p>\t\t\t\t\t\t\t\t<\/div>\n\t\t\t\t<\/div>\n\t\t\t\t\t<\/div>\n\t\t<\/div>\n\t\t\t\t\t<\/div>\n\t\t<\/section>\n\t\t\t\t<section class=\"elementor-section elementor-top-section elementor-element elementor-element-bef8130 elementor-section-boxed elementor-section-height-default elementor-section-height-default\" data-id=\"bef8130\" data-element_type=\"section\" data-e-type=\"section\">\n\t\t\t\t\t\t<div class=\"elementor-container elementor-column-gap-default\">\n\t\t\t\t\t<div class=\"elementor-column elementor-col-50 elementor-top-column elementor-element elementor-element-5e06295\" data-id=\"5e06295\" data-element_type=\"column\" data-e-type=\"column\" data-settings=\"{&quot;background_background&quot;:&quot;classic&quot;}\">\n\t\t\t<div class=\"elementor-widget-wrap elementor-element-populated\">\n\t\t\t\t\t\t<div class=\"elementor-element elementor-element-ea40861 elementor-widget elementor-widget-text-editor\" data-id=\"ea40861\" data-element_type=\"widget\" data-e-type=\"widget\" data-widget_type=\"text-editor.default\">\n\t\t\t\t<div class=\"elementor-widget-container\">\n\t\t\t\t\t\t\t\t\t<p class=\"x_MsoNormal\"><strong>5 Intelligente Tipps zur Abfalltrennung<\/strong><\/p><p class=\"x_MsoNormal\" aria-hidden=\"true\">\u00a0<\/p><p><em><strong>1.Bewahre Abf\u00e4lle in getrennten Beh\u00e4ltern auf<\/strong><\/em><\/p><p>Verwende unterschiedliche Sammelbeh\u00e4lter f\u00fcr nassen oder biologisch abbaubaren Abfall und trockenen oder nicht biologisch abbaubaren Abfall.<\/p><p><em><strong>2.Sortiere nicht biologisch abbaubaren Abfall<\/strong><\/em><\/p><p>Trenne Trockenabf\u00e4lle in wiederverwertbare, giftige oder gef\u00e4hrliche Abf\u00e4lle und Elektroschrott, wie z. B. Batterien und Disketten.<\/p><p><em><strong>3.Halte recycelbare Materialien sauber<\/strong><\/em><\/p><p>Entferne Essensreste von Plastik oder Papier, bevor du sie in den Abfallbeh\u00e4lter wirfst.<\/p><p><em><strong>4.Komposttonne holen<\/strong><\/em><\/p><p>Verwandle Lebensmittel- und Gartenabf\u00e4lle in Kompost, der sp\u00e4ter als D\u00fcnger verwendet werden kann.<\/p><p><em><strong>5.Kenne deinen M\u00fcll<\/strong><\/em><\/p><p>Einige Artikel sind aus komplexen Materialien gefertigt. Informiere dich \u00fcber die Behandlung solcher Artikel.<\/p>\t\t\t\t\t\t\t\t<\/div>\n\t\t\t\t<\/div>\n\t\t\t\t\t<\/div>\n\t\t<\/div>\n\t\t\t\t<div class=\"elementor-column elementor-col-50 elementor-top-column elementor-element elementor-element-acf2fa3\" data-id=\"acf2fa3\" data-element_type=\"column\" data-e-type=\"column\">\n\t\t\t<div class=\"elementor-widget-wrap elementor-element-populated\">\n\t\t\t\t\t\t<div class=\"elementor-element elementor-element-16d13a9 elementor-widget elementor-widget-image\" data-id=\"16d13a9\" data-element_type=\"widget\" data-e-type=\"widget\" data-widget_type=\"image.default\">\n\t\t\t\t<div class=\"elementor-widget-container\">\n\t\t\t\t\t\t\t\t\t\t\t\t\t\t\t<img decoding=\"async\" width=\"800\" height=\"800\" src=\"https:\/\/eanaro.green\/wp-content\/uploads\/2023\/03\/EANARO-1024x1024.png\" class=\"attachment-large size-large wp-image-1527\" alt=\"\" srcset=\"https:\/\/eanaro.green\/wp-content\/uploads\/2023\/03\/EANARO-1024x1024.png 1024w, https:\/\/eanaro.green\/wp-content\/uploads\/2023\/03\/EANARO-300x300.png 300w, https:\/\/eanaro.green\/wp-content\/uploads\/2023\/03\/EANARO-150x150.png 150w, https:\/\/eanaro.green\/wp-content\/uploads\/2023\/03\/EANARO-768x768.png 768w, https:\/\/eanaro.green\/wp-content\/uploads\/2023\/03\/EANARO.png 1080w\" sizes=\"(max-width: 800px) 100vw, 800px\" \/>\t\t\t\t\t\t\t\t\t\t\t\t\t\t\t<\/div>\n\t\t\t\t<\/div>\n\t\t\t\t\t<\/div>\n\t\t<\/div>\n\t\t\t\t\t<\/div>\n\t\t<\/section>\n\t\t\t\t<\/div>\n\t\t","protected":false},"excerpt":{"rendered":"<p>Internationaler Tag der M\u00fclltrennung REMINDER: Heute am 07.03.2023 ist internationaler Tag der M\u00fclltrennung, ein h\u00e4ufig untersch\u00e4tztes Thema, sowohl in Privathaushalten als auch in Unternehmen. In der heutigen Zeit ist es wichtig, dass wir unseren Planeten Erde sch\u00fctzen. M\u00fclltrennung ist eine wirkungsvolle Methode, um Umweltschutzma\u00dfnahmen umzusetzen. 5 Intelligente Tipps zur Abfalltrennung 1.Bewahre Abf\u00e4lle in getrennten Beh\u00e4ltern [&hellip;]<\/p>\n","protected":false},"author":2,"featured_media":1529,"comment_status":"closed","ping_status":"closed","sticky":false,"template":"elementor_header_footer","format":"standard","meta":{"footnotes":""},"categories":[14],"tags":[],"class_list":["post-1525","post","type-post","status-publish","format-standard","has-post-thumbnail","hentry","category-blog"],"yoast_head":"<!-- This site is optimized with the Yoast SEO plugin v27.5 - https:\/\/yoast.com\/product\/yoast-seo-wordpress\/ -->\n<title>Internationaler Tag der M\u00fclltrennung - eanaro<\/title>\n<meta name=\"robots\" content=\"index, follow, max-snippet:-1, max-image-preview:large, max-video-preview:-1\" \/>\n<link rel=\"canonical\" href=\"https:\/\/eanaro.green\/index.php\/internationaler-tag-der-muelltrennung\/\" \/>\n<meta property=\"og:locale\" content=\"de_DE\" \/>\n<meta property=\"og:type\" content=\"article\" \/>\n<meta property=\"og:title\" content=\"Internationaler Tag der M\u00fclltrennung - eanaro\" \/>\n<meta property=\"og:description\" content=\"Internationaler Tag der M\u00fclltrennung REMINDER: Heute am 07.03.2023 ist internationaler Tag der M\u00fclltrennung, ein h\u00e4ufig untersch\u00e4tztes Thema, sowohl in Privathaushalten als auch in Unternehmen. In der heutigen Zeit ist es wichtig, dass wir unseren Planeten Erde sch\u00fctzen. M\u00fclltrennung ist eine wirkungsvolle Methode, um Umweltschutzma\u00dfnahmen umzusetzen. 5 Intelligente Tipps zur Abfalltrennung 1.Bewahre Abf\u00e4lle in getrennten Beh\u00e4ltern [&hellip;]\" \/>\n<meta property=\"og:url\" content=\"https:\/\/eanaro.green\/index.php\/internationaler-tag-der-muelltrennung\/\" \/>\n<meta property=\"og:site_name\" content=\"eanaro\" \/>\n<meta property=\"article:published_time\" content=\"2023-03-07T12:29:34+00:00\" \/>\n<meta property=\"article:modified_time\" content=\"2023-07-05T07:10:50+00:00\" \/>\n<meta property=\"og:image\" content=\"https:\/\/eanaro.green\/wp-content\/uploads\/2022\/08\/rahmen-aus-kunststoffabfallsammlung-auf-schwarzem-hintergrund-konzept-des-recyclings-von-kunststoff-und-oekologie-flache-lage-ansicht-von-oben-scaled.jpg\" \/>\n\t<meta property=\"og:image:width\" content=\"2560\" \/>\n\t<meta property=\"og:image:height\" content=\"1707\" \/>\n\t<meta property=\"og:image:type\" content=\"image\/jpeg\" \/>\n<meta name=\"author\" content=\"marketing\" \/>\n<meta name=\"twitter:card\" content=\"summary_large_image\" \/>\n<meta name=\"twitter:label1\" content=\"Verfasst von\" \/>\n\t<meta name=\"twitter:data1\" content=\"marketing\" \/>\n\t<meta name=\"twitter:label2\" content=\"Gesch\u00e4tzte Lesezeit\" \/>\n\t<meta name=\"twitter:data2\" content=\"2\u00a0Minuten\" \/>\n<script type=\"application\/ld+json\" class=\"yoast-schema-graph\">{\"@context\":\"https:\\\/\\\/schema.org\",\"@graph\":[{\"@type\":\"Article\",\"@id\":\"https:\\\/\\\/eanaro.green\\\/index.php\\\/internationaler-tag-der-muelltrennung\\\/#article\",\"isPartOf\":{\"@id\":\"https:\\\/\\\/eanaro.green\\\/index.php\\\/internationaler-tag-der-muelltrennung\\\/\"},\"author\":{\"name\":\"marketing\",\"@id\":\"https:\\\/\\\/eanaro.green\\\/#\\\/schema\\\/person\\\/1c221c04baa2c01418b43e7da955e01e\"},\"headline\":\"Internationaler Tag der M\u00fclltrennung\",\"datePublished\":\"2023-03-07T12:29:34+00:00\",\"dateModified\":\"2023-07-05T07:10:50+00:00\",\"mainEntityOfPage\":{\"@id\":\"https:\\\/\\\/eanaro.green\\\/index.php\\\/internationaler-tag-der-muelltrennung\\\/\"},\"wordCount\":164,\"publisher\":{\"@id\":\"https:\\\/\\\/eanaro.green\\\/#organization\"},\"image\":{\"@id\":\"https:\\\/\\\/eanaro.green\\\/index.php\\\/internationaler-tag-der-muelltrennung\\\/#primaryimage\"},\"thumbnailUrl\":\"https:\\\/\\\/eanaro.green\\\/wp-content\\\/uploads\\\/2022\\\/08\\\/rahmen-aus-kunststoffabfallsammlung-auf-schwarzem-hintergrund-konzept-des-recyclings-von-kunststoff-und-oekologie-flache-lage-ansicht-von-oben-scaled.jpg\",\"articleSection\":[\"Blog\"],\"inLanguage\":\"de\"},{\"@type\":\"WebPage\",\"@id\":\"https:\\\/\\\/eanaro.green\\\/index.php\\\/internationaler-tag-der-muelltrennung\\\/\",\"url\":\"https:\\\/\\\/eanaro.green\\\/index.php\\\/internationaler-tag-der-muelltrennung\\\/\",\"name\":\"Internationaler Tag der M\u00fclltrennung - eanaro\",\"isPartOf\":{\"@id\":\"https:\\\/\\\/eanaro.green\\\/#website\"},\"primaryImageOfPage\":{\"@id\":\"https:\\\/\\\/eanaro.green\\\/index.php\\\/internationaler-tag-der-muelltrennung\\\/#primaryimage\"},\"image\":{\"@id\":\"https:\\\/\\\/eanaro.green\\\/index.php\\\/internationaler-tag-der-muelltrennung\\\/#primaryimage\"},\"thumbnailUrl\":\"https:\\\/\\\/eanaro.green\\\/wp-content\\\/uploads\\\/2022\\\/08\\\/rahmen-aus-kunststoffabfallsammlung-auf-schwarzem-hintergrund-konzept-des-recyclings-von-kunststoff-und-oekologie-flache-lage-ansicht-von-oben-scaled.jpg\",\"datePublished\":\"2023-03-07T12:29:34+00:00\",\"dateModified\":\"2023-07-05T07:10:50+00:00\",\"breadcrumb\":{\"@id\":\"https:\\\/\\\/eanaro.green\\\/index.php\\\/internationaler-tag-der-muelltrennung\\\/#breadcrumb\"},\"inLanguage\":\"de\",\"potentialAction\":[{\"@type\":\"ReadAction\",\"target\":[\"https:\\\/\\\/eanaro.green\\\/index.php\\\/internationaler-tag-der-muelltrennung\\\/\"]}]},{\"@type\":\"ImageObject\",\"inLanguage\":\"de\",\"@id\":\"https:\\\/\\\/eanaro.green\\\/index.php\\\/internationaler-tag-der-muelltrennung\\\/#primaryimage\",\"url\":\"https:\\\/\\\/eanaro.green\\\/wp-content\\\/uploads\\\/2022\\\/08\\\/rahmen-aus-kunststoffabfallsammlung-auf-schwarzem-hintergrund-konzept-des-recyclings-von-kunststoff-und-oekologie-flache-lage-ansicht-von-oben-scaled.jpg\",\"contentUrl\":\"https:\\\/\\\/eanaro.green\\\/wp-content\\\/uploads\\\/2022\\\/08\\\/rahmen-aus-kunststoffabfallsammlung-auf-schwarzem-hintergrund-konzept-des-recyclings-von-kunststoff-und-oekologie-flache-lage-ansicht-von-oben-scaled.jpg\",\"width\":2560,\"height\":1707,\"caption\":\"Food plastic packaging on black background. Concept of Recycling plastic and ecology. Flat lay, top view\"},{\"@type\":\"BreadcrumbList\",\"@id\":\"https:\\\/\\\/eanaro.green\\\/index.php\\\/internationaler-tag-der-muelltrennung\\\/#breadcrumb\",\"itemListElement\":[{\"@type\":\"ListItem\",\"position\":1,\"name\":\"Startseite\",\"item\":\"https:\\\/\\\/eanaro.green\\\/\"},{\"@type\":\"ListItem\",\"position\":2,\"name\":\"Internationaler Tag der M\u00fclltrennung\"}]},{\"@type\":\"WebSite\",\"@id\":\"https:\\\/\\\/eanaro.green\\\/#website\",\"url\":\"https:\\\/\\\/eanaro.green\\\/\",\"name\":\"eanaro\",\"description\":\"\",\"publisher\":{\"@id\":\"https:\\\/\\\/eanaro.green\\\/#organization\"},\"potentialAction\":[{\"@type\":\"SearchAction\",\"target\":{\"@type\":\"EntryPoint\",\"urlTemplate\":\"https:\\\/\\\/eanaro.green\\\/?s={search_term_string}\"},\"query-input\":{\"@type\":\"PropertyValueSpecification\",\"valueRequired\":true,\"valueName\":\"search_term_string\"}}],\"inLanguage\":\"de\"},{\"@type\":\"Organization\",\"@id\":\"https:\\\/\\\/eanaro.green\\\/#organization\",\"name\":\"eanaro\",\"url\":\"https:\\\/\\\/eanaro.green\\\/\",\"logo\":{\"@type\":\"ImageObject\",\"inLanguage\":\"de\",\"@id\":\"https:\\\/\\\/eanaro.green\\\/#\\\/schema\\\/logo\\\/image\\\/\",\"url\":\"https:\\\/\\\/eanaro.green\\\/wp-content\\\/uploads\\\/2022\\\/04\\\/cropped-logo_eanaro2.png\",\"contentUrl\":\"https:\\\/\\\/eanaro.green\\\/wp-content\\\/uploads\\\/2022\\\/04\\\/cropped-logo_eanaro2.png\",\"width\":250,\"height\":250,\"caption\":\"eanaro\"},\"image\":{\"@id\":\"https:\\\/\\\/eanaro.green\\\/#\\\/schema\\\/logo\\\/image\\\/\"}},{\"@type\":\"Person\",\"@id\":\"https:\\\/\\\/eanaro.green\\\/#\\\/schema\\\/person\\\/1c221c04baa2c01418b43e7da955e01e\",\"name\":\"marketing\",\"image\":{\"@type\":\"ImageObject\",\"inLanguage\":\"de\",\"@id\":\"https:\\\/\\\/secure.gravatar.com\\\/avatar\\\/0f0893a9120710765fde67b6f17112fe527edec119918a289d56d781fdf55ae9?s=96&d=mm&r=g\",\"url\":\"https:\\\/\\\/secure.gravatar.com\\\/avatar\\\/0f0893a9120710765fde67b6f17112fe527edec119918a289d56d781fdf55ae9?s=96&d=mm&r=g\",\"contentUrl\":\"https:\\\/\\\/secure.gravatar.com\\\/avatar\\\/0f0893a9120710765fde67b6f17112fe527edec119918a289d56d781fdf55ae9?s=96&d=mm&r=g\",\"caption\":\"marketing\"},\"url\":\"https:\\\/\\\/eanaro.green\\\/index.php\\\/author\\\/marketing\\\/\"}]}<\/script>\n<!-- \/ Yoast SEO plugin. -->","yoast_head_json":{"title":"Internationaler Tag der M\u00fclltrennung - eanaro","robots":{"index":"index","follow":"follow","max-snippet":"max-snippet:-1","max-image-preview":"max-image-preview:large","max-video-preview":"max-video-preview:-1"},"canonical":"https:\/\/eanaro.green\/index.php\/internationaler-tag-der-muelltrennung\/","og_locale":"de_DE","og_type":"article","og_title":"Internationaler Tag der M\u00fclltrennung - eanaro","og_description":"Internationaler Tag der M\u00fclltrennung REMINDER: Heute am 07.03.2023 ist internationaler Tag der M\u00fclltrennung, ein h\u00e4ufig untersch\u00e4tztes Thema, sowohl in Privathaushalten als auch in Unternehmen. In der heutigen Zeit ist es wichtig, dass wir unseren Planeten Erde sch\u00fctzen. M\u00fclltrennung ist eine wirkungsvolle Methode, um Umweltschutzma\u00dfnahmen umzusetzen. 5 Intelligente Tipps zur Abfalltrennung 1.Bewahre Abf\u00e4lle in getrennten Beh\u00e4ltern [&hellip;]","og_url":"https:\/\/eanaro.green\/index.php\/internationaler-tag-der-muelltrennung\/","og_site_name":"eanaro","article_published_time":"2023-03-07T12:29:34+00:00","article_modified_time":"2023-07-05T07:10:50+00:00","og_image":[{"width":2560,"height":1707,"url":"https:\/\/eanaro.green\/wp-content\/uploads\/2022\/08\/rahmen-aus-kunststoffabfallsammlung-auf-schwarzem-hintergrund-konzept-des-recyclings-von-kunststoff-und-oekologie-flache-lage-ansicht-von-oben-scaled.jpg","type":"image\/jpeg"}],"author":"marketing","twitter_card":"summary_large_image","twitter_misc":{"Verfasst von":"marketing","Gesch\u00e4tzte Lesezeit":"2\u00a0Minuten"},"schema":{"@context":"https:\/\/schema.org","@graph":[{"@type":"Article","@id":"https:\/\/eanaro.green\/index.php\/internationaler-tag-der-muelltrennung\/#article","isPartOf":{"@id":"https:\/\/eanaro.green\/index.php\/internationaler-tag-der-muelltrennung\/"},"author":{"name":"marketing","@id":"https:\/\/eanaro.green\/#\/schema\/person\/1c221c04baa2c01418b43e7da955e01e"},"headline":"Internationaler Tag der M\u00fclltrennung","datePublished":"2023-03-07T12:29:34+00:00","dateModified":"2023-07-05T07:10:50+00:00","mainEntityOfPage":{"@id":"https:\/\/eanaro.green\/index.php\/internationaler-tag-der-muelltrennung\/"},"wordCount":164,"publisher":{"@id":"https:\/\/eanaro.green\/#organization"},"image":{"@id":"https:\/\/eanaro.green\/index.php\/internationaler-tag-der-muelltrennung\/#primaryimage"},"thumbnailUrl":"https:\/\/eanaro.green\/wp-content\/uploads\/2022\/08\/rahmen-aus-kunststoffabfallsammlung-auf-schwarzem-hintergrund-konzept-des-recyclings-von-kunststoff-und-oekologie-flache-lage-ansicht-von-oben-scaled.jpg","articleSection":["Blog"],"inLanguage":"de"},{"@type":"WebPage","@id":"https:\/\/eanaro.green\/index.php\/internationaler-tag-der-muelltrennung\/","url":"https:\/\/eanaro.green\/index.php\/internationaler-tag-der-muelltrennung\/","name":"Internationaler Tag der M\u00fclltrennung - eanaro","isPartOf":{"@id":"https:\/\/eanaro.green\/#website"},"primaryImageOfPage":{"@id":"https:\/\/eanaro.green\/index.php\/internationaler-tag-der-muelltrennung\/#primaryimage"},"image":{"@id":"https:\/\/eanaro.green\/index.php\/internationaler-tag-der-muelltrennung\/#primaryimage"},"thumbnailUrl":"https:\/\/eanaro.green\/wp-content\/uploads\/2022\/08\/rahmen-aus-kunststoffabfallsammlung-auf-schwarzem-hintergrund-konzept-des-recyclings-von-kunststoff-und-oekologie-flache-lage-ansicht-von-oben-scaled.jpg","datePublished":"2023-03-07T12:29:34+00:00","dateModified":"2023-07-05T07:10:50+00:00","breadcrumb":{"@id":"https:\/\/eanaro.green\/index.php\/internationaler-tag-der-muelltrennung\/#breadcrumb"},"inLanguage":"de","potentialAction":[{"@type":"ReadAction","target":["https:\/\/eanaro.green\/index.php\/internationaler-tag-der-muelltrennung\/"]}]},{"@type":"ImageObject","inLanguage":"de","@id":"https:\/\/eanaro.green\/index.php\/internationaler-tag-der-muelltrennung\/#primaryimage","url":"https:\/\/eanaro.green\/wp-content\/uploads\/2022\/08\/rahmen-aus-kunststoffabfallsammlung-auf-schwarzem-hintergrund-konzept-des-recyclings-von-kunststoff-und-oekologie-flache-lage-ansicht-von-oben-scaled.jpg","contentUrl":"https:\/\/eanaro.green\/wp-content\/uploads\/2022\/08\/rahmen-aus-kunststoffabfallsammlung-auf-schwarzem-hintergrund-konzept-des-recyclings-von-kunststoff-und-oekologie-flache-lage-ansicht-von-oben-scaled.jpg","width":2560,"height":1707,"caption":"Food plastic packaging on black background. Concept of Recycling plastic and ecology. Flat lay, top view"},{"@type":"BreadcrumbList","@id":"https:\/\/eanaro.green\/index.php\/internationaler-tag-der-muelltrennung\/#breadcrumb","itemListElement":[{"@type":"ListItem","position":1,"name":"Startseite","item":"https:\/\/eanaro.green\/"},{"@type":"ListItem","position":2,"name":"Internationaler Tag der M\u00fclltrennung"}]},{"@type":"WebSite","@id":"https:\/\/eanaro.green\/#website","url":"https:\/\/eanaro.green\/","name":"eanaro","description":"","publisher":{"@id":"https:\/\/eanaro.green\/#organization"},"potentialAction":[{"@type":"SearchAction","target":{"@type":"EntryPoint","urlTemplate":"https:\/\/eanaro.green\/?s={search_term_string}"},"query-input":{"@type":"PropertyValueSpecification","valueRequired":true,"valueName":"search_term_string"}}],"inLanguage":"de"},{"@type":"Organization","@id":"https:\/\/eanaro.green\/#organization","name":"eanaro","url":"https:\/\/eanaro.green\/","logo":{"@type":"ImageObject","inLanguage":"de","@id":"https:\/\/eanaro.green\/#\/schema\/logo\/image\/","url":"https:\/\/eanaro.green\/wp-content\/uploads\/2022\/04\/cropped-logo_eanaro2.png","contentUrl":"https:\/\/eanaro.green\/wp-content\/uploads\/2022\/04\/cropped-logo_eanaro2.png","width":250,"height":250,"caption":"eanaro"},"image":{"@id":"https:\/\/eanaro.green\/#\/schema\/logo\/image\/"}},{"@type":"Person","@id":"https:\/\/eanaro.green\/#\/schema\/person\/1c221c04baa2c01418b43e7da955e01e","name":"marketing","image":{"@type":"ImageObject","inLanguage":"de","@id":"https:\/\/secure.gravatar.com\/avatar\/0f0893a9120710765fde67b6f17112fe527edec119918a289d56d781fdf55ae9?s=96&d=mm&r=g","url":"https:\/\/secure.gravatar.com\/avatar\/0f0893a9120710765fde67b6f17112fe527edec119918a289d56d781fdf55ae9?s=96&d=mm&r=g","contentUrl":"https:\/\/secure.gravatar.com\/avatar\/0f0893a9120710765fde67b6f17112fe527edec119918a289d56d781fdf55ae9?s=96&d=mm&r=g","caption":"marketing"},"url":"https:\/\/eanaro.green\/index.php\/author\/marketing\/"}]}},"_links":{"self":[{"href":"https:\/\/eanaro.green\/index.php\/wp-json\/wp\/v2\/posts\/1525","targetHints":{"allow":["GET"]}}],"collection":[{"href":"https:\/\/eanaro.green\/index.php\/wp-json\/wp\/v2\/posts"}],"about":[{"href":"https:\/\/eanaro.green\/index.php\/wp-json\/wp\/v2\/types\/post"}],"author":[{"embeddable":true,"href":"https:\/\/eanaro.green\/index.php\/wp-json\/wp\/v2\/users\/2"}],"replies":[{"embeddable":true,"href":"https:\/\/eanaro.green\/index.php\/wp-json\/wp\/v2\/comments?post=1525"}],"version-history":[{"count":9,"href":"https:\/\/eanaro.green\/index.php\/wp-json\/wp\/v2\/posts\/1525\/revisions"}],"predecessor-version":[{"id":1536,"href":"https:\/\/eanaro.green\/index.php\/wp-json\/wp\/v2\/posts\/1525\/revisions\/1536"}],"wp:featuredmedia":[{"embeddable":true,"href":"https:\/\/eanaro.green\/index.php\/wp-json\/wp\/v2\/media\/1529"}],"wp:attachment":[{"href":"https:\/\/eanaro.green\/index.php\/wp-json\/wp\/v2\/media?parent=1525"}],"wp:term":[{"taxonomy":"category","embeddable":true,"href":"https:\/\/eanaro.green\/index.php\/wp-json\/wp\/v2\/categories?post=1525"},{"taxonomy":"post_tag","embeddable":true,"href":"https:\/\/eanaro.green\/index.php\/wp-json\/wp\/v2\/tags?post=1525"}],"curies":[{"name":"wp","href":"https:\/\/api.w.org\/{rel}","templated":true}]}}